{"id":3803,"date":"2013-12-12T16:40:14","date_gmt":"2013-12-12T15:40:14","guid":{"rendered":"http:\/\/www.schwimmverein-friedrichsthal.de\/?p=3803"},"modified":"2014-02-24T08:24:51","modified_gmt":"2014-02-24T07:24:51","slug":"es-ist-alles-erlaubt-was-nicht-gesehen-wird","status":"publish","type":"post","link":"https:\/\/www.schwimmverein-friedrichsthal.de\/?p=3803","title":{"rendered":"\u201eEs ist alles erlaubt, was nicht gesehen wird\u201c"},"content":{"rendered":"<p><!--[if !mso]>\n\n\n<style>\nv\\:* {behavior:url(#default#VML);}\no\\:* {behavior:url(#default#VML);}\nw\\:* {behavior:url(#default#VML);}\n.shape {behavior:url(#default#VML);}\n<\/style>\n\n\n<![endif]--><\/p>\n<p><!--[if gte mso 9]><xml>\n <w:WordDocument>\n  <w:View>Normal<\/w:View>\n  <w:Zoom>0<\/w:Zoom>\n  <w:HyphenationZone>21<\/w:HyphenationZone>\n  <w:DoNotOptimizeForBrowser\/>\n <\/w:WordDocument>\n<\/xml><![endif]--><\/p>\n<h2><span style=\"font-size: 16.0pt; mso-bidi-font-size: 18.0pt; font-family: Arial;\">Maren Hinz in die Wasserball-Nationalmannschaft berufen \u2013 St. Wendelerin spielt auch bei den M\u00e4nnern mit<\/span><\/h2>\n<p class=\"author\"><i><span style=\"font-family: Arial;\">Von SZ-Mitarbeiter Michael Aubert<\/span><\/i><\/p>\n<p class=\"short\"><span style=\"font-family: Arial;\">Maren Hinz aus St. Wendel ist in den C-Kader der Nationalmannschaft berufen worden. Die 16 Jahre alte Wasserball-Spielerin aus St. Wendel rechnet sich Chancen f\u00fcr die Teilnahme an der WM und der EM 2014 aus. <i>(Ver\u00f6ffentlicht am 05.12.2013)<\/i> <\/span><\/p>\n<p class=\"MsoNormal\">\n<p><span class=\"bu\"><span style=\"font-family: Arial;\">Die 16 Jahre alte Wasserball-Spielerin Maren Hinz wirkt au\u00dferhalb des Schwimmbeckens ruhig, beinahe sch\u00fcchtern. Wenn die 1,85 Meter gro\u00dfe Sch\u00fclerin aus St. Wendel aber im Wasser ist, \u201ebin ich ganz anders\u201c. <\/span><\/span><a href=\"https:\/\/www.schwimmverein-friedrichsthal.de\/wp-content\/uploads\/2013\/12\/Bild-Maren.gif\"><img loading=\"lazy\" decoding=\"async\" class=\"aligncenter size-full wp-image-3805\" alt=\"Bild Maren\" src=\"https:\/\/www.schwimmverein-friedrichsthal.de\/wp-content\/uploads\/2013\/12\/Bild-Maren.gif\" width=\"491\" height=\"378\" \/><\/a><span class=\"bu\"><span style=\"font-family: Arial;\"><i>Foto: Wieck<\/i><\/span><\/span><\/p>\n<p class=\"MsoNormal\"><b>S<span style=\"font-family: Arial;\">t. Wendel.<\/span><\/b><span style=\"font-family: Arial;\"> Bei Maren Hinz ist es ein bisschen, wie bei \u201eHerr Tur Tur\u201c, dem Riesen aus \u201eJim Knopf\u201c. Auf den ersten Blick wirkt die Nachwuchs-Wasserballerin aus St. Wendel mit ihren 1,85 Metern und gef\u00fchlt mindestens ebenso breiten Schultern unwahrscheinlich Respekt einfl\u00f6\u00dfend. Doch wie bei \u201eJim Knopf\u201c und \u201eHerrn Tur Tur\u201c \u00e4ndert sich bei der Wasserballerin, die f\u00fcr den SV Friedrichsthal spielt, schnell der Eindruck. Mit jedem L\u00e4cheln, jedem Wort wirkt sie freundlicher, m\u00e4dchenhafter, beinahe sch\u00fcchtern.<br \/>\n\u201eDrau\u00dfen bin ich eher der ruhigere Typ\u201c, sagt Hinz und kann sich ein L\u00e4cheln nicht verkneifen: \u201eAber im Wasser bin ich ganz anders.\u201c Muss sie auch, denn ihr Sport ist hart. \u201eMan kriegt da gerne mal was ab\u201c, erkl\u00e4rt die Sportlerin, die vergangene Woche in die Jugend-Nationalmannschaft berufen wurde, \u201eda muss man sich durchsetzen k\u00f6nnen\u201c. Hat sie auch bei der Nachwuchs-Sichtung des Deutschen Schwimm-Verbands im vergangenen Oktober. Mit Gr\u00f6\u00dfe, Kraft, Ausdauer und ihren schwimmerischen F\u00e4higkeiten ebenso wie dem notwendigen Ballgef\u00fchl \u2013 und weil der SV Friedrichsthal vor vier Jahren die Wasserball-Mannschaft wieder zur\u00fcck ins Leben gerufen hat. Es ist neben der in Homburg die einzige Mannschaft im Saarland. \u201eF\u00fcr uns ist es eine M\u00f6glichkeit, die Jungen im Becken zu halten\u201c, sagt Jochen Donnevert, Vorsitzender des SV. Vor drei Jahren stie\u00df Hinz dazu. Und w\u00e4hrend andere Vereine ihre Mannschaften mangels Nachwuchs zur\u00fcckziehen, stellen die Blau-Gelben nicht nur eine Jugend-Mannschaft (U 15), sondern mit Hinz auch eine Nationalspielerin.<br \/>\nKein Wunder also, dass Hinz nach ihrer C-Kader-Nominierung mit breiter Brust und einem ebenso breiten L\u00e4cheln auftritt. Sie erz\u00e4hlt: \u201eIch hab mir da schon gute Chancen ausgerechnet.\u201c Chancen, um vielleicht bei der Weltmeisterschaft in Madrid im August 2014 oder der Europameisterschaft in Rom im September 2014 dabei zu sein. \u201eDas w\u00e4re auf jeden Fall Wahnsinn\u201c, sagt die Sch\u00fclerin des Gymnasiums Wendalinum in St. Wendel \u00fcber ihre neuen Perspektiven.<br \/>\nNoch ist das Zukunftsmusik. Trotzdem arbeitet sie schon sehr hart daf\u00fcr. Neben den \u00fcblichen Trainingseinheiten kommt sie von Lehrg\u00e4ngen mit Hausaufgaben heim: Kraft\u00fcbungen. \u201eIm Moment l\u00e4uft es schon ganz gut f\u00fcr mich\u201c, sagt die 16-J\u00e4hrige und l\u00e4chelt wieder, klagt aber ein wenig \u00fcber Muskelkater: \u201eIn letzter Zeit war ich schon sehr viel im Wasser.\u201c Denn nach der Schule steht ihr Sport f\u00fcr sie ganz oben. Neben einem Startrecht f\u00fcr die U 19 des Bundesligisten SV Heidelberg und einem weiteren f\u00fcr Zweitligist WV Darmstadt spielt die Sch\u00fclerin in Friedrichsthal \u2013 bei den M\u00e4nnern. \u201eDas ist ein Riesenunterschied\u201c, sagt sie, \u201edie M\u00e4nner gehen nicht so hart ran, da ist es bei den Frauen wesentlich schlimmer\u201c. Kneifen. Zwicken. Halten. Treten. \u201eEs ist alles erlaubt, was nicht gesehen wird\u201c, sagt sie mit einem Augenzwinkern. Weil Hinz wei\u00df, dass sie, wenn sie sich denn ein L\u00e4cheln verkneifen kann, eine ordentliche Portion Respekt ausstrahlt.<\/span><\/p>\n<p class=\"author\" style=\"margin: 0cm; margin-bottom: .0001pt;\"><span style=\"font-family: Arial;\">\u00a0<\/span><\/p>\n","protected":false},"excerpt":{"rendered":"<p>Maren Hinz in die Wasserball-Nationalmannschaft berufen \u2013 St. Wendelerin spielt auch bei den M\u00e4nnern mit Von SZ-Mitarbeiter Michael Aubert Maren [&hellip;]<\/p>\n","protected":false},"author":2,"featured_media":0,"comment_status":"closed","ping_status":"open","sticky":false,"template":"","format":"standard","meta":{"site-sidebar-layout":"default","site-content-layout":"","ast-site-content-layout":"","site-content-style":"default","site-sidebar-style":"default","ast-global-header-display":"","ast-banner-title-visibility":"","ast-main-header-display":"","ast-hfb-above-header-display":"","ast-hfb-below-header-display":"","ast-hfb-mobile-header-display":"","site-post-title":"","ast-breadcrumbs-content":"","ast-featured-img":"","footer-sml-layout":"","theme-transparent-header-meta":"","adv-header-id-meta":"","stick-header-meta":"","header-above-stick-meta":"","header-main-stick-meta":"","header-below-stick-meta":"","astra-migrate-meta-layouts":"default","ast-page-background-enabled":"default","ast-page-background-meta":{"desktop":{"background-color":"var(--ast-global-color-4)","background-image":"","background-repeat":"repeat","background-position":"center center","background-size":"auto","background-attachment":"scroll","background-type":"","background-media":"","overlay-type":"","overlay-color":"","overlay-opacity":"","overlay-gradient":""},"tablet":{"background-color":"","background-image":"","background-repeat":"repeat","background-position":"center center","background-size":"auto","background-attachment":"scroll","background-type":"","background-media":"","overlay-type":"","overlay-color":"","overlay-opacity":"","overlay-gradient":""},"mobile":{"background-color":"","background-image":"","background-repeat":"repeat","background-position":"center center","background-size":"auto","background-attachment":"scroll","background-type":"","background-media":"","overlay-type":"","overlay-color":"","overlay-opacity":"","overlay-gradient":""}},"ast-content-background-meta":{"desktop":{"background-color":"var(--ast-global-color-5)","background-image":"","background-repeat":"repeat","background-position":"center center","background-size":"auto","background-attachment":"scroll","background-type":"","background-media":"","overlay-type":"","overlay-color":"","overlay-opacity":"","overlay-gradient":""},"tablet":{"background-color":"var(--ast-global-color-5)","background-image":"","background-repeat":"repeat","background-position":"center center","background-size":"auto","background-attachment":"scroll","background-type":"","background-media":"","overlay-type":"","overlay-color":"","overlay-opacity":"","overlay-gradient":""},"mobile":{"background-color":"var(--ast-global-color-5)","background-image":"","background-repeat":"repeat","background-position":"center center","background-size":"auto","background-attachment":"scroll","background-type":"","background-media":"","overlay-type":"","overlay-color":"","overlay-opacity":"","overlay-gradient":""}},"footnotes":""},"categories":[4],"tags":[],"class_list":["post-3803","post","type-post","status-publish","format-standard","hentry","category-wasserball"],"_links":{"self":[{"href":"https:\/\/www.schwimmverein-friedrichsthal.de\/index.php?rest_route=\/wp\/v2\/posts\/3803"}],"collection":[{"href":"https:\/\/www.schwimmverein-friedrichsthal.de\/index.php?rest_route=\/wp\/v2\/posts"}],"about":[{"href":"https:\/\/www.schwimmverein-friedrichsthal.de\/index.php?rest_route=\/wp\/v2\/types\/post"}],"author":[{"embeddable":true,"href":"https:\/\/www.schwimmverein-friedrichsthal.de\/index.php?rest_route=\/wp\/v2\/users\/2"}],"replies":[{"embeddable":true,"href":"https:\/\/www.schwimmverein-friedrichsthal.de\/index.php?rest_route=%2Fwp%2Fv2%2Fcomments&post=3803"}],"version-history":[{"count":3,"href":"https:\/\/www.schwimmverein-friedrichsthal.de\/index.php?rest_route=\/wp\/v2\/posts\/3803\/revisions"}],"predecessor-version":[{"id":3807,"href":"https:\/\/www.schwimmverein-friedrichsthal.de\/index.php?rest_route=\/wp\/v2\/posts\/3803\/revisions\/3807"}],"wp:attachment":[{"href":"https:\/\/www.schwimmverein-friedrichsthal.de\/index.php?rest_route=%2Fwp%2Fv2%2Fmedia&parent=3803"}],"wp:term":[{"taxonomy":"category","embeddable":true,"href":"https:\/\/www.schwimmverein-friedrichsthal.de\/index.php?rest_route=%2Fwp%2Fv2%2Fcategories&post=3803"},{"taxonomy":"post_tag","embeddable":true,"href":"https:\/\/www.schwimmverein-friedrichsthal.de\/index.php?rest_route=%2Fwp%2Fv2%2Ftags&post=3803"}],"curies":[{"name":"wp","href":"https:\/\/api.w.org\/{rel}","templated":true}]}}