{"id":5373,"date":"2021-11-22T16:35:51","date_gmt":"2021-11-22T15:35:51","guid":{"rendered":"https:\/\/www.schwimmverein-friedrichsthal.de\/?p=5373"},"modified":"2022-01-13T22:27:23","modified_gmt":"2022-01-13T21:27:23","slug":"nachruf-guenter-walter","status":"publish","type":"post","link":"https:\/\/www.schwimmverein-friedrichsthal.de\/?p=5373","title":{"rendered":"Nachruf G\u00fcnter Walter"},"content":{"rendered":"\n<p><strong>G\u00fcnter Walter gestorben<\/strong><\/p>\n\n\n\n<p>Am 31. August verstarb, nach l\u00e4ngerer schwerer Krankheit, im Alter von 82 Jahren, der langj\u00e4hrige Vorsitzende und sp\u00e4tere Ehrenvorsitzende des SV Friedrichsthal, G\u00fcnter Walter<\/p>\n\n\n\n<p>In seiner langj\u00e4hrigen, ehrenamtlichen T\u00e4tigkeit als Funktion\u00e4r und Trainer im saarl\u00e4ndischen Schwimmsport war G\u00fcnter Walter 44 Jahre Vorsitzender des SV Friedrichsthal und anschlie\u00dfend Ehrenvorsitzende des Vereins. Au\u00dferdem wirkte er \u00fcber 20 Jahre als Vizepr\u00e4sident des Saarl\u00e4ndischen Schwimmbundes, war Mitbegr\u00fcnder der SSG Max Ritter und 21 Jahre deren Vorsitzender.<\/p>\n\n\n\n<div class=\"wp-block-image\"><figure class=\"aligncenter\"><img decoding=\"async\" src=\"https:\/\/www.schwimmverein-friedrichsthal.de\/wp-content\/uploads\/2021\/09\/grafik.png\" alt=\"https:\/\/www.schwimmverein-friedrichsthal.de\/wp-content\/uploads\/2021\/09\/grafik.png\"\/><\/figure><\/div>\n\n\n\n<p>Unter seiner Regie wurden die Weichen zur Eigenst\u00e4ndigkeit des SV Friedrichsthal gestellt, er war ma\u00dfgeblich am Neubau des Freibades und des Schwimmer-Treffs beteiligt und er f\u00fchrte als Trainer auch eine erfolgreiche Generation von SchwimmerInnen f\u00fcr den SV Friedrichsthal zu gro\u00dfen Erfolgen.<br>G\u00fcnter Walter war einer der Ehrenamtler vom alten Schlag, der immer zuerst das Wohl des Verbandes und seines Vereins sah und sich mit riesigem Engagement und gro\u00dfer Durchsetzungskraft f\u00fcr die Entwicklung des saarl\u00e4ndischen Schwimmsportes eingesetzt hat.<br>Der Vorstand und die Mitglieder des SV Friedrichsthal trauern um G\u00fcnter Walter und f\u00fchlen mit seinen Angeh\u00f6rigen.<\/p>\n","protected":false},"excerpt":{"rendered":"<p>G\u00fcnter Walter gestorben Am 31. August verstarb, nach l\u00e4ngerer schwerer Krankheit, im Alter von 82 Jahren, der langj\u00e4hrige Vorsitzende und [&hellip;]<\/p>\n","protected":false},"author":2,"featured_media":0,"comment_status":"closed","ping_status":"open","sticky":false,"template":"","format":"standard","meta":{"site-sidebar-layout":"default","site-content-layout":"","ast-site-content-layout":"","site-content-style":"default","site-sidebar-style":"default","ast-global-header-display":"","ast-banner-title-visibility":"","ast-main-header-display":"","ast-hfb-above-header-display":"","ast-hfb-below-header-display":"","ast-hfb-mobile-header-display":"","site-post-title":"","ast-breadcrumbs-content":"","ast-featured-img":"","footer-sml-layout":"","theme-transparent-header-meta":"","adv-header-id-meta":"","stick-header-meta":"","header-above-stick-meta":"","header-main-stick-meta":"","header-below-stick-meta":"","astra-migrate-meta-layouts":"default","ast-page-background-enabled":"default","ast-page-background-meta":{"desktop":{"background-color":"var(--ast-global-color-4)","background-image":"","background-repeat":"repeat","background-position":"center center","background-size":"auto","background-attachment":"scroll","background-type":"","background-media":"","overlay-type":"","overlay-color":"","overlay-opacity":"","overlay-gradient":""},"tablet":{"background-color":"","background-image":"","background-repeat":"repeat","background-position":"center center","background-size":"auto","background-attachment":"scroll","background-type":"","background-media":"","overlay-type":"","overlay-color":"","overlay-opacity":"","overlay-gradient":""},"mobile":{"background-color":"","background-image":"","background-repeat":"repeat","background-position":"center center","background-size":"auto","background-attachment":"scroll","background-type":"","background-media":"","overlay-type":"","overlay-color":"","overlay-opacity":"","overlay-gradient":""}},"ast-content-background-meta":{"desktop":{"background-color":"var(--ast-global-color-5)","background-image":"","background-repeat":"repeat","background-position":"center center","background-size":"auto","background-attachment":"scroll","background-type":"","background-media":"","overlay-type":"","overlay-color":"","overlay-opacity":"","overlay-gradient":""},"tablet":{"background-color":"var(--ast-global-color-5)","background-image":"","background-repeat":"repeat","background-position":"center center","background-size":"auto","background-attachment":"scroll","background-type":"","background-media":"","overlay-type":"","overlay-color":"","overlay-opacity":"","overlay-gradient":""},"mobile":{"background-color":"var(--ast-global-color-5)","background-image":"","background-repeat":"repeat","background-position":"center center","background-size":"auto","background-attachment":"scroll","background-type":"","background-media":"","overlay-type":"","overlay-color":"","overlay-opacity":"","overlay-gradient":""}},"footnotes":""},"categories":[1],"tags":[],"class_list":["post-5373","post","type-post","status-publish","format-standard","hentry","category-allgemeines"],"_links":{"self":[{"href":"https:\/\/www.schwimmverein-friedrichsthal.de\/index.php?rest_route=\/wp\/v2\/posts\/5373"}],"collection":[{"href":"https:\/\/www.schwimmverein-friedrichsthal.de\/index.php?rest_route=\/wp\/v2\/posts"}],"about":[{"href":"https:\/\/www.schwimmverein-friedrichsthal.de\/index.php?rest_route=\/wp\/v2\/types\/post"}],"author":[{"embeddable":true,"href":"https:\/\/www.schwimmverein-friedrichsthal.de\/index.php?rest_route=\/wp\/v2\/users\/2"}],"replies":[{"embeddable":true,"href":"https:\/\/www.schwimmverein-friedrichsthal.de\/index.php?rest_route=%2Fwp%2Fv2%2Fcomments&post=5373"}],"version-history":[{"count":1,"href":"https:\/\/www.schwimmverein-friedrichsthal.de\/index.php?rest_route=\/wp\/v2\/posts\/5373\/revisions"}],"predecessor-version":[{"id":5374,"href":"https:\/\/www.schwimmverein-friedrichsthal.de\/index.php?rest_route=\/wp\/v2\/posts\/5373\/revisions\/5374"}],"wp:attachment":[{"href":"https:\/\/www.schwimmverein-friedrichsthal.de\/index.php?rest_route=%2Fwp%2Fv2%2Fmedia&parent=5373"}],"wp:term":[{"taxonomy":"category","embeddable":true,"href":"https:\/\/www.schwimmverein-friedrichsthal.de\/index.php?rest_route=%2Fwp%2Fv2%2Fcategories&post=5373"},{"taxonomy":"post_tag","embeddable":true,"href":"https:\/\/www.schwimmverein-friedrichsthal.de\/index.php?rest_route=%2Fwp%2Fv2%2Ftags&post=5373"}],"curies":[{"name":"wp","href":"https:\/\/api.w.org\/{rel}","templated":true}]}}